{"id":1697,"date":"2024-05-14T12:00:31","date_gmt":"2024-05-14T10:00:31","guid":{"rendered":"https:\/\/escuelaslagunadeduero.es\/pintopinto\/?p=1697"},"modified":"2024-05-14T12:00:31","modified_gmt":"2024-05-14T10:00:31","slug":"premio-al-comedor-de-la-escuela-por-la-atencion-a-las-alergias","status":"publish","type":"post","link":"https:\/\/escuelaslagunadeduero.es\/pintopinto\/premio-al-comedor-de-la-escuela-por-la-atencion-a-las-alergias\/","title":{"rendered":"Premio al comedor de la escuela por la atenci\u00f3n a las alergias"},"content":{"rendered":"\n<div class=\"wp-block-group\"><div class=\"wp-block-group__inner-container is-layout-constrained wp-block-group-is-layout-constrained\">\n<p>Las escuelas infantiles municipales de Laguna de Duero premiadas por su labor frente a las alergias alimentarias. Reciben una menci\u00f3n especial en los galardones \u201cATX Allergy Protection\u201d por su <em>notable empat\u00eda hac\u00eda las necesidades de los ni\u00f1os y ni\u00f1as al\u00e9rgicos y sus familias<\/em>.<\/p>\n\n\n\n<p>Ambos centros han obtenido una menci\u00f3n especial en los premios que otorga la Asociaci\u00f3n Multi-Alergia (ATX), en su convocatoria de 2024, por el proyecto que desarrollan con relaci\u00f3n a las necesidades del alumnado al\u00e9rgico.<\/p>\n<\/div><\/div>\n\n\n\n<div style=\"height:40px\" aria-hidden=\"true\" class=\"wp-block-spacer\"><\/div>\n\n\n\n<div class=\"wp-block-group\"><div class=\"wp-block-group__inner-container is-layout-constrained wp-block-group-is-layout-constrained\">\n<div class=\"wp-block-columns is-layout-flex wp-container-core-columns-is-layout-9d6595d7 wp-block-columns-is-layout-flex\">\n<div class=\"wp-block-column is-layout-flow wp-block-column-is-layout-flow\">\n<div class=\"wp-block-buttons is-content-justification-center is-layout-flex wp-container-core-buttons-is-layout-16018d1d wp-block-buttons-is-layout-flex\">\n<div class=\"wp-block-button\"><a class=\"wp-block-button__link wp-element-button\" href=\"https:\/\/www.cyltv.es\/videoSH\/7d02e518-a088-49a3-8638-bbdbdb1c6071\/Premian-a-4-escuelas-infantiles-de-la-provincia-por-su-buena-labor-en-la-gestion-de-las-alergias-alimentarias\" target=\"_blank\" rel=\"noreferrer noopener\">VER NOTICIA EN LA 8<\/a><\/div>\n<\/div>\n<\/div>\n\n\n\n<div class=\"wp-block-column is-layout-flow wp-block-column-is-layout-flow\">\n<div class=\"wp-block-buttons is-content-justification-center is-layout-flex wp-container-core-buttons-is-layout-16018d1d wp-block-buttons-is-layout-flex\">\n<div class=\"wp-block-button\"><a class=\"wp-block-button__link wp-element-button\" href=\"https:\/\/escuelaslagunadeduero.es\/pintopinto\/wp-content\/uploads\/2024\/05\/Nota-de-prensa-Sello-Allergy-EIM-Laguna-de-Duero.pdf\" target=\"_blank\" rel=\"noreferrer noopener\">LEER NOTA DE PRENSA<\/a><\/div>\n<\/div>\n<\/div>\n<\/div>\n<\/div><\/div>\n\n\n\n<div style=\"height:40px\" aria-hidden=\"true\" class=\"wp-block-spacer\"><\/div>\n\n\n<div class=\"wp-block-image\">\n<figure class=\"aligncenter size-full\"><img loading=\"lazy\" decoding=\"async\" width=\"1000\" height=\"750\" src=\"https:\/\/escuelaslagunadeduero.es\/pintopinto\/wp-content\/uploads\/2024\/05\/1Fotografia-Premios-Allergy-mar-24.jpg\" alt=\"Equipo de las escuelas Koala en los premios ATX Allergy Protection\" class=\"wp-image-1698\" srcset=\"https:\/\/escuelaslagunadeduero.es\/pintopinto\/wp-content\/uploads\/2024\/05\/1Fotografia-Premios-Allergy-mar-24.jpg 1000w, https:\/\/escuelaslagunadeduero.es\/pintopinto\/wp-content\/uploads\/2024\/05\/1Fotografia-Premios-Allergy-mar-24-300x225.jpg 300w, https:\/\/escuelaslagunadeduero.es\/pintopinto\/wp-content\/uploads\/2024\/05\/1Fotografia-Premios-Allergy-mar-24-768x576.jpg 768w\" sizes=\"auto, (max-width: 1000px) 100vw, 1000px\" \/><\/figure>\n<\/div>","protected":false},"excerpt":{"rendered":"<p>Las escuelas infantiles municipales de Laguna de Duero premiadas por su labor frente a las alergias alimentarias. Reciben una menci\u00f3n especial en los galardones \u201cATX Allergy Protection\u201d por su notable &#8230; <a class=\"mas\" href=\"https:\/\/escuelaslagunadeduero.es\/pintopinto\/premio-al-comedor-de-la-escuela-por-la-atencion-a-las-alergias\/\"><strong>M\u00c1S<\/strong><\/a><\/p>\n","protected":false},"author":1,"featured_media":1701,"comment_status":"open","ping_status":"open","sticky":false,"template":"","format":"standard","meta":{"footnotes":""},"categories":[41],"tags":[42,43],"class_list":["post-1697","post","type-post","status-publish","format-standard","has-post-thumbnail","hentry","category-premios","tag-alergias-alimentarias","tag-comedor"],"_links":{"self":[{"href":"https:\/\/escuelaslagunadeduero.es\/pintopinto\/wp-json\/wp\/v2\/posts\/1697","targetHints":{"allow":["GET"]}}],"collection":[{"href":"https:\/\/escuelaslagunadeduero.es\/pintopinto\/wp-json\/wp\/v2\/posts"}],"about":[{"href":"https:\/\/escuelaslagunadeduero.es\/pintopinto\/wp-json\/wp\/v2\/types\/post"}],"author":[{"embeddable":true,"href":"https:\/\/escuelaslagunadeduero.es\/pintopinto\/wp-json\/wp\/v2\/users\/1"}],"replies":[{"embeddable":true,"href":"https:\/\/escuelaslagunadeduero.es\/pintopinto\/wp-json\/wp\/v2\/comments?post=1697"}],"version-history":[{"count":4,"href":"https:\/\/escuelaslagunadeduero.es\/pintopinto\/wp-json\/wp\/v2\/posts\/1697\/revisions"}],"predecessor-version":[{"id":1705,"href":"https:\/\/escuelaslagunadeduero.es\/pintopinto\/wp-json\/wp\/v2\/posts\/1697\/revisions\/1705"}],"wp:featuredmedia":[{"embeddable":true,"href":"https:\/\/escuelaslagunadeduero.es\/pintopinto\/wp-json\/wp\/v2\/media\/1701"}],"wp:attachment":[{"href":"https:\/\/escuelaslagunadeduero.es\/pintopinto\/wp-json\/wp\/v2\/media?parent=1697"}],"wp:term":[{"taxonomy":"category","embeddable":true,"href":"https:\/\/escuelaslagunadeduero.es\/pintopinto\/wp-json\/wp\/v2\/categories?post=1697"},{"taxonomy":"post_tag","embeddable":true,"href":"https:\/\/escuelaslagunadeduero.es\/pintopinto\/wp-json\/wp\/v2\/tags?post=1697"}],"curies":[{"name":"wp","href":"https:\/\/api.w.org\/{rel}","templated":true}]}}